{"id":2668,"date":"2013-07-21T08:00:02","date_gmt":"2013-07-21T06:00:02","guid":{"rendered":"http:\/\/mathiascederholm.com\/web\/?p=2668"},"modified":"2014-10-21T15:35:49","modified_gmt":"2014-10-21T13:35:49","slug":"familjefotograf-stockholm","status":"publish","type":"post","link":"https:\/\/mathiascederholm.com\/en\/familjefotograf-stockholm\/","title":{"rendered":"Familjefotograf Stockholm"},"content":{"rendered":"<p>&nbsp;<\/p>\n<p style=\"text-align: justify;\">These three kids ended up being great to photograph, despite the oldest guy not really wanting to be there. But who can blame him? I didn&#8217;t like this kind of stuff when I was his age either. Despite this they all went along with the whole thing and hung out together. Just being themselves.<\/p>\n<p style=\"text-align: justify;\">That is for me what a successful family photo session is all about. People being themselves, not thinking too much about the fact that there is a stranger pointing a camera in their direction. Add to that the stunning location of Rosendals tr\u00e4dg\u00e5rd in the Djurg\u00e5rden park in Stockholm. What could go wrong?<\/p>\n<p>&nbsp;<\/p>\n<p><img decoding=\"async\" class=\"pp-insert-all size-full aligncenter\" title=\"1001 Djurg\u00e5rdens Park\" src=\"http:\/\/mathiascederholm.com\/\/wp-content\/uploads\/2013\/07\/1001-Djurgrdens-Park.jpg\" alt=\"Djurg\u00e5rdens Park\" width=\"900\" height=\"600\" \/><img decoding=\"async\" class=\"pp-insert-all size-full aligncenter\" src=\"http:\/\/mathiascederholm.com\/\/wp-content\/uploads\/2013\/07\/1002-Karin-HB.jpg\" alt=\"Karin HB\" width=\"900\" height=\"670\" \/><img decoding=\"async\" class=\"pp-insert-all size-full aligncenter\" src=\"http:\/\/mathiascederholm.com\/\/wp-content\/uploads\/2013\/07\/1003-This-is-a-corner-of-a-larger-field.jpg\" alt=\"This is a corner of a larger field\" width=\"900\" height=\"600\" \/><img decoding=\"async\" class=\"pp-insert-all size-full aligncenter\" title=\"1004 Bredablicks torn Djurg\u00e5rden Skansen\" src=\"http:\/\/mathiascederholm.com\/\/wp-content\/uploads\/2013\/07\/1004-Bredablicks-torn-Djurgrden-Skansen.jpg\" alt=\"Bredablicks torn Djurg\u00e5rden Skansen\" width=\"900\" height=\"600\" \/><img decoding=\"async\" class=\"pp-insert-all size-full aligncenter\" title=\"1005 Rosendals Tr\u00e4dg\u00e5rdscaf\u00e9\" src=\"http:\/\/mathiascederholm.com\/\/wp-content\/uploads\/2013\/07\/1005-Rosendals-Tr\u00e4dgrdscaf\u00e9.jpg\" alt=\"Rosendals Tr\u00e4dgrdscaf\u00e9\" width=\"900\" height=\"297\" \/><img decoding=\"async\" class=\"pp-insert-all size-full aligncenter\" title=\"1006 Rosendals Tr\u00e4dg\u00e5rd_1007 Karin HB\" src=\"http:\/\/mathiascederholm.com\/\/wp-content\/uploads\/2013\/07\/1006-Rosendals-Tr\u00e4dgrd_1007-Karin-HB.jpg\" alt=\"Rosendals Tr\u00e4dg\u00e5rd 1007 Karin HB\" width=\"900\" height=\"670\" \/><img decoding=\"async\" class=\"pp-insert-all size-full aligncenter\" src=\"http:\/\/mathiascederholm.com\/\/wp-content\/uploads\/2013\/07\/1008-Karin-HB_1011-Karin-HB.jpg\" alt=\"Karin HB 1011 Karin HB\" width=\"900\" height=\"670\" \/><img decoding=\"async\" class=\"pp-insert-all size-full aligncenter\" src=\"http:\/\/mathiascederholm.com\/\/wp-content\/uploads\/2013\/07\/1009-Karin-HB.jpg\" alt=\"Karin HB\" width=\"900\" height=\"600\" \/><img decoding=\"async\" class=\"pp-insert-all size-full aligncenter\" src=\"http:\/\/mathiascederholm.com\/\/wp-content\/uploads\/2013\/07\/1010-Familjefotograf-Stockholm.jpg\" alt=\"Familjefotograf Stockholm\" width=\"900\" height=\"444\" \/><img decoding=\"async\" class=\"pp-insert-all size-full aligncenter\" src=\"http:\/\/mathiascederholm.com\/\/wp-content\/uploads\/2013\/07\/1011-Karin-HB.jpg\" alt=\"Karin HB\" width=\"900\" height=\"600\" \/><img decoding=\"async\" class=\"pp-insert-all size-full aligncenter\" title=\"Familjefotograf Stockholm syskonportr\u00e4tt\" src=\"http:\/\/mathiascederholm.com\/\/wp-content\/uploads\/2013\/07\/1012-Karin-HB_1013-Karin-HB.jpg\" alt=\"Familjefotograf Stockholm syskonportr\u00e4tt\" width=\"900\" height=\"670\" \/><img decoding=\"async\" class=\"pp-insert-all size-full aligncenter\" src=\"http:\/\/mathiascederholm.com\/\/wp-content\/uploads\/2013\/07\/1015-Karin-HB.jpg\" alt=\"Karin HB\" width=\"900\" height=\"600\" \/><img decoding=\"async\" class=\"pp-insert-all size-full aligncenter\" src=\"http:\/\/mathiascederholm.com\/\/wp-content\/uploads\/2013\/07\/1017-Karin-HB.jpg\" alt=\"Karin HB\" width=\"900\" height=\"670\" \/><img decoding=\"async\" class=\"pp-insert-all size-full aligncenter\" title=\"1018 Karin HB_1019 Familjefotograf Djurg\u00e5rden\" src=\"http:\/\/mathiascederholm.com\/\/wp-content\/uploads\/2013\/07\/1018-Karin-HB_1019-Familjefotograf-Djurgrden.jpg\" alt=\"Karin HB 1019 Familjefotograf Djurg\u00e5rden\" width=\"900\" height=\"670\" \/><img decoding=\"async\" class=\"pp-insert-all size-full aligncenter\" title=\"1021 Familjefotograf Stockholm Karin HB\" src=\"http:\/\/mathiascederholm.com\/\/wp-content\/uploads\/2013\/07\/1021-Karin-HB.jpg\" alt=\"Familjefotograf Stockholm Karin HB\" width=\"900\" height=\"600\" \/><img decoding=\"async\" class=\"pp-insert-all size-full aligncenter\" src=\"http:\/\/mathiascederholm.com\/\/wp-content\/uploads\/2013\/07\/1022-Karin-HB.jpg\" alt=\"Karin HB\" width=\"900\" height=\"670\" \/><img decoding=\"async\" class=\"pp-insert-all size-full aligncenter\" src=\"http:\/\/mathiascederholm.com\/\/wp-content\/uploads\/2013\/07\/1024-Karin-HB_1024-Karin-HB.jpg\" alt=\"Karin HB 1024 Karin HB\" width=\"900\" height=\"670\" \/><img decoding=\"async\" class=\"pp-insert-all size-full aligncenter\" src=\"http:\/\/mathiascederholm.com\/\/wp-content\/uploads\/2013\/07\/1025-Karin-HB.jpg\" alt=\"Karin HB\" width=\"900\" height=\"600\" \/><img decoding=\"async\" class=\"pp-insert-all size-full aligncenter\" src=\"http:\/\/mathiascederholm.com\/\/wp-content\/uploads\/2013\/07\/1026-Karin-HB.jpg\" alt=\"Karin HB\" width=\"900\" height=\"600\" \/><img decoding=\"async\" class=\"pp-insert-all size-full aligncenter\" src=\"http:\/\/mathiascederholm.com\/\/wp-content\/uploads\/2013\/07\/1027-Karin-HB.jpg\" alt=\"Karin HB\" width=\"900\" height=\"600\" \/><img decoding=\"async\" class=\"pp-insert-all size-full aligncenter\" src=\"http:\/\/mathiascederholm.com\/\/wp-content\/uploads\/2013\/07\/1028-Karin-HB.jpg\" alt=\"Karin HB\" width=\"900\" height=\"600\" \/><\/p>\n","protected":false},"excerpt":{"rendered":"<p>&nbsp; These three kids ended up being great to photograph, despite the oldest guy not really wanting to be there. [&hellip;]<\/p>\n","protected":false},"author":1,"featured_media":2711,"comment_status":"open","ping_status":"open","sticky":false,"template":"","format":"standard","meta":{"_monsterinsights_skip_tracking":false,"_monsterinsights_sitenote_active":false,"_monsterinsights_sitenote_note":"","_monsterinsights_sitenote_category":0,"_jetpack_newsletter_access":"","_jetpack_dont_email_post_to_subs":false,"_jetpack_newsletter_tier_id":0,"_jetpack_memberships_contains_paywalled_content":false,"_jetpack_memberships_contains_paid_content":false,"footnotes":""},"categories":[113,117],"tags":[123,154,167,168,169],"class_list":["post-2668","post","type-post","status-publish","format-standard","has-post-thumbnail","hentry","category-sweden","category-portraits-2","tag-stockholm","tag-family-photography","tag-familjefotografering","tag-djurgarden","tag-rosendals-tradgard"],"yoast_head":"<!-- This site is optimized with the Yoast SEO plugin v27.4 - https:\/\/yoast.com\/product\/yoast-seo-wordpress\/ -->\n<title>Familjefotograf Stockholm<\/title>\n<meta name=\"description\" content=\"Familjefotograf Stockholm fotograferar er familj p\u00e5 ett naturligt s\u00e4tt i en milj\u00f6 ni trivs i.\" \/>\n<meta name=\"robots\" content=\"index, follow, max-snippet:-1, max-image-preview:large, max-video-preview:-1\" \/>\n<link rel=\"canonical\" href=\"https:\/\/mathiascederholm.com\/familjefotograf-stockholm\/\" \/>\n<meta property=\"og:locale\" content=\"en_US\" \/>\n<meta property=\"og:type\" content=\"article\" \/>\n<meta property=\"og:title\" content=\"Familjefotograf Stockholm\" \/>\n<meta property=\"og:description\" content=\"Familjefotograf Stockholm fotograferar er familj p\u00e5 ett naturligt s\u00e4tt i en milj\u00f6 ni trivs i.\" \/>\n<meta property=\"og:url\" content=\"https:\/\/mathiascederholm.com\/familjefotograf-stockholm\/\" \/>\n<meta property=\"og:site_name\" content=\"Br\u00f6llopsfotograf Stockholm \/\/ Wedding Photographer Stockholm Mathias Cederholm\" \/>\n<meta property=\"article:publisher\" content=\"https:\/\/www.facebook.com\/Mathias-Cederholm-Photography-248750788503888\/?ref=hl\" \/>\n<meta property=\"article:author\" content=\"https:\/\/www.facebook.com\/pages\/Mathias-Cederholm-Photography\/\" \/>\n<meta property=\"article:published_time\" content=\"2013-07-21T06:00:02+00:00\" \/>\n<meta property=\"article:modified_time\" content=\"2014-10-21T13:35:49+00:00\" \/>\n<meta property=\"og:image\" content=\"https:\/\/mathiascederholm.com\/wp-content\/uploads\/2013\/07\/1021-Karin-HB.jpg\" \/>\n\t<meta property=\"og:image:width\" content=\"900\" \/>\n\t<meta property=\"og:image:height\" content=\"600\" \/>\n\t<meta property=\"og:image:type\" content=\"image\/jpeg\" \/>\n<meta name=\"author\" content=\"Mathias Cederholm\" \/>\n<meta name=\"twitter:card\" content=\"summary_large_image\" \/>\n<meta name=\"twitter:creator\" content=\"@m_cederholm\" \/>\n<meta name=\"twitter:site\" content=\"@m_cederholm\" \/>\n<meta name=\"twitter:label1\" content=\"Written by\" \/>\n\t<meta name=\"twitter:data1\" content=\"Mathias Cederholm\" \/>\n\t<meta name=\"twitter:label2\" content=\"Est. reading time\" \/>\n\t<meta name=\"twitter:data2\" content=\"1 minute\" \/>\n<script type=\"application\/ld+json\" class=\"yoast-schema-graph\">{\"@context\":\"https:\\\/\\\/schema.org\",\"@graph\":[{\"@type\":\"Article\",\"@id\":\"https:\\\/\\\/mathiascederholm.com\\\/familjefotograf-stockholm\\\/#article\",\"isPartOf\":{\"@id\":\"https:\\\/\\\/mathiascederholm.com\\\/familjefotograf-stockholm\\\/\"},\"author\":{\"name\":\"Mathias Cederholm\",\"@id\":\"https:\\\/\\\/mathiascederholm.com\\\/#\\\/schema\\\/person\\\/4216e6c74d6f76d7aec8ce75a43877f1\"},\"headline\":\"Familjefotograf Stockholm\",\"datePublished\":\"2013-07-21T06:00:02+00:00\",\"dateModified\":\"2014-10-21T13:35:49+00:00\",\"mainEntityOfPage\":{\"@id\":\"https:\\\/\\\/mathiascederholm.com\\\/familjefotograf-stockholm\\\/\"},\"wordCount\":114,\"commentCount\":0,\"publisher\":{\"@id\":\"https:\\\/\\\/mathiascederholm.com\\\/#organization\"},\"image\":{\"@id\":\"https:\\\/\\\/mathiascederholm.com\\\/familjefotograf-stockholm\\\/#primaryimage\"},\"thumbnailUrl\":\"https:\\\/\\\/mathiascederholm.com\\\/wp-content\\\/uploads\\\/2013\\\/07\\\/1021-Karin-HB.jpg\",\"keywords\":[\"Stockholm\",\"Family Photography\",\"Familjefotografering\",\"Djurg\u00e5rden\",\"Rosendals tr\u00e4dg\u00e5rd\"],\"articleSection\":[\"SVERIGE\",\"Portr\u00e4tt\"],\"inLanguage\":\"en-US\",\"potentialAction\":[{\"@type\":\"CommentAction\",\"name\":\"Comment\",\"target\":[\"https:\\\/\\\/mathiascederholm.com\\\/familjefotograf-stockholm\\\/#respond\"]}]},{\"@type\":\"WebPage\",\"@id\":\"https:\\\/\\\/mathiascederholm.com\\\/familjefotograf-stockholm\\\/\",\"url\":\"https:\\\/\\\/mathiascederholm.com\\\/familjefotograf-stockholm\\\/\",\"name\":\"Familjefotograf Stockholm\",\"isPartOf\":{\"@id\":\"https:\\\/\\\/mathiascederholm.com\\\/#website\"},\"primaryImageOfPage\":{\"@id\":\"https:\\\/\\\/mathiascederholm.com\\\/familjefotograf-stockholm\\\/#primaryimage\"},\"image\":{\"@id\":\"https:\\\/\\\/mathiascederholm.com\\\/familjefotograf-stockholm\\\/#primaryimage\"},\"thumbnailUrl\":\"https:\\\/\\\/mathiascederholm.com\\\/wp-content\\\/uploads\\\/2013\\\/07\\\/1021-Karin-HB.jpg\",\"datePublished\":\"2013-07-21T06:00:02+00:00\",\"dateModified\":\"2014-10-21T13:35:49+00:00\",\"description\":\"Familjefotograf Stockholm fotograferar er familj p\u00e5 ett naturligt s\u00e4tt i en milj\u00f6 ni trivs i.\",\"breadcrumb\":{\"@id\":\"https:\\\/\\\/mathiascederholm.com\\\/familjefotograf-stockholm\\\/#breadcrumb\"},\"inLanguage\":\"en-US\",\"potentialAction\":[{\"@type\":\"ReadAction\",\"target\":[\"https:\\\/\\\/mathiascederholm.com\\\/familjefotograf-stockholm\\\/\"]}]},{\"@type\":\"ImageObject\",\"inLanguage\":\"en-US\",\"@id\":\"https:\\\/\\\/mathiascederholm.com\\\/familjefotograf-stockholm\\\/#primaryimage\",\"url\":\"https:\\\/\\\/mathiascederholm.com\\\/wp-content\\\/uploads\\\/2013\\\/07\\\/1021-Karin-HB.jpg\",\"contentUrl\":\"https:\\\/\\\/mathiascederholm.com\\\/wp-content\\\/uploads\\\/2013\\\/07\\\/1021-Karin-HB.jpg\",\"width\":900,\"height\":600,\"caption\":\"Familjefotograf Stockholm Karin HB\"},{\"@type\":\"BreadcrumbList\",\"@id\":\"https:\\\/\\\/mathiascederholm.com\\\/familjefotograf-stockholm\\\/#breadcrumb\",\"itemListElement\":[{\"@type\":\"ListItem\",\"position\":1,\"name\":\"Home\",\"item\":\"https:\\\/\\\/mathiascederholm.com\\\/en\\\/\"},{\"@type\":\"ListItem\",\"position\":2,\"name\":\"Familjefotograf Stockholm\"}]},{\"@type\":\"WebSite\",\"@id\":\"https:\\\/\\\/mathiascederholm.com\\\/#website\",\"url\":\"https:\\\/\\\/mathiascederholm.com\\\/\",\"name\":\"Br\u00f6llopsfotograf Stockholm \\\/\\\/ Wedding Photographer Stockholm Mathias Cederholm\",\"description\":\"Br\u00f6llopsfotograf Stockholm - kreativa och moderna br\u00f6llopsfoton f\u00f6r par med stil. Foton som ber\u00e4ttar er historia och visar er k\u00e4rlek f\u00f6r varandra.\",\"publisher\":{\"@id\":\"https:\\\/\\\/mathiascederholm.com\\\/#organization\"},\"potentialAction\":[{\"@type\":\"SearchAction\",\"target\":{\"@type\":\"EntryPoint\",\"urlTemplate\":\"https:\\\/\\\/mathiascederholm.com\\\/?s={search_term_string}\"},\"query-input\":{\"@type\":\"PropertyValueSpecification\",\"valueRequired\":true,\"valueName\":\"search_term_string\"}}],\"inLanguage\":\"en-US\"},{\"@type\":\"Organization\",\"@id\":\"https:\\\/\\\/mathiascederholm.com\\\/#organization\",\"name\":\"Mathias Cederholm Br\u00f6llopsfotograf\",\"url\":\"https:\\\/\\\/mathiascederholm.com\\\/\",\"logo\":{\"@type\":\"ImageObject\",\"inLanguage\":\"en-US\",\"@id\":\"https:\\\/\\\/mathiascederholm.com\\\/#\\\/schema\\\/logo\\\/image\\\/\",\"url\":\"\",\"contentUrl\":\"\",\"caption\":\"Mathias Cederholm Br\u00f6llopsfotograf\"},\"image\":{\"@id\":\"https:\\\/\\\/mathiascederholm.com\\\/#\\\/schema\\\/logo\\\/image\\\/\"},\"sameAs\":[\"https:\\\/\\\/www.facebook.com\\\/Mathias-Cederholm-Photography-248750788503888\\\/?ref=hl\",\"https:\\\/\\\/x.com\\\/m_cederholm\"]},{\"@type\":\"Person\",\"@id\":\"https:\\\/\\\/mathiascederholm.com\\\/#\\\/schema\\\/person\\\/4216e6c74d6f76d7aec8ce75a43877f1\",\"name\":\"Mathias Cederholm\",\"image\":{\"@type\":\"ImageObject\",\"inLanguage\":\"en-US\",\"@id\":\"https:\\\/\\\/secure.gravatar.com\\\/avatar\\\/4abe32cc46677b2c77d373d42ad492b8eae605322ca32d904b462ac3483e350b?s=96&d=blank&r=g\",\"url\":\"https:\\\/\\\/secure.gravatar.com\\\/avatar\\\/4abe32cc46677b2c77d373d42ad492b8eae605322ca32d904b462ac3483e350b?s=96&d=blank&r=g\",\"contentUrl\":\"https:\\\/\\\/secure.gravatar.com\\\/avatar\\\/4abe32cc46677b2c77d373d42ad492b8eae605322ca32d904b462ac3483e350b?s=96&d=blank&r=g\",\"caption\":\"Mathias Cederholm\"},\"sameAs\":[\"http:\\\/\\\/mathiascederholm.com\",\"https:\\\/\\\/www.facebook.com\\\/pages\\\/Mathias-Cederholm-Photography\\\/\",\"https:\\\/\\\/x.com\\\/m_cederholm\"]}]}<\/script>\n<!-- \/ Yoast SEO plugin. -->","yoast_head_json":{"title":"Familjefotograf Stockholm","description":"Familjefotograf Stockholm fotograferar er familj p\u00e5 ett naturligt s\u00e4tt i en milj\u00f6 ni trivs i.","robots":{"index":"index","follow":"follow","max-snippet":"max-snippet:-1","max-image-preview":"max-image-preview:large","max-video-preview":"max-video-preview:-1"},"canonical":"https:\/\/mathiascederholm.com\/familjefotograf-stockholm\/","og_locale":"en_US","og_type":"article","og_title":"Familjefotograf Stockholm","og_description":"Familjefotograf Stockholm fotograferar er familj p\u00e5 ett naturligt s\u00e4tt i en milj\u00f6 ni trivs i.","og_url":"https:\/\/mathiascederholm.com\/familjefotograf-stockholm\/","og_site_name":"Br\u00f6llopsfotograf Stockholm \/\/ Wedding Photographer Stockholm Mathias Cederholm","article_publisher":"https:\/\/www.facebook.com\/Mathias-Cederholm-Photography-248750788503888\/?ref=hl","article_author":"https:\/\/www.facebook.com\/pages\/Mathias-Cederholm-Photography\/","article_published_time":"2013-07-21T06:00:02+00:00","article_modified_time":"2014-10-21T13:35:49+00:00","og_image":[{"width":900,"height":600,"url":"https:\/\/mathiascederholm.com\/wp-content\/uploads\/2013\/07\/1021-Karin-HB.jpg","type":"image\/jpeg"}],"author":"Mathias Cederholm","twitter_card":"summary_large_image","twitter_creator":"@m_cederholm","twitter_site":"@m_cederholm","twitter_misc":{"Written by":"Mathias Cederholm","Est. reading time":"1 minute"},"schema":{"@context":"https:\/\/schema.org","@graph":[{"@type":"Article","@id":"https:\/\/mathiascederholm.com\/familjefotograf-stockholm\/#article","isPartOf":{"@id":"https:\/\/mathiascederholm.com\/familjefotograf-stockholm\/"},"author":{"name":"Mathias Cederholm","@id":"https:\/\/mathiascederholm.com\/#\/schema\/person\/4216e6c74d6f76d7aec8ce75a43877f1"},"headline":"Familjefotograf Stockholm","datePublished":"2013-07-21T06:00:02+00:00","dateModified":"2014-10-21T13:35:49+00:00","mainEntityOfPage":{"@id":"https:\/\/mathiascederholm.com\/familjefotograf-stockholm\/"},"wordCount":114,"commentCount":0,"publisher":{"@id":"https:\/\/mathiascederholm.com\/#organization"},"image":{"@id":"https:\/\/mathiascederholm.com\/familjefotograf-stockholm\/#primaryimage"},"thumbnailUrl":"https:\/\/mathiascederholm.com\/wp-content\/uploads\/2013\/07\/1021-Karin-HB.jpg","keywords":["Stockholm","Family Photography","Familjefotografering","Djurg\u00e5rden","Rosendals tr\u00e4dg\u00e5rd"],"articleSection":["SVERIGE","Portr\u00e4tt"],"inLanguage":"en-US","potentialAction":[{"@type":"CommentAction","name":"Comment","target":["https:\/\/mathiascederholm.com\/familjefotograf-stockholm\/#respond"]}]},{"@type":"WebPage","@id":"https:\/\/mathiascederholm.com\/familjefotograf-stockholm\/","url":"https:\/\/mathiascederholm.com\/familjefotograf-stockholm\/","name":"Familjefotograf Stockholm","isPartOf":{"@id":"https:\/\/mathiascederholm.com\/#website"},"primaryImageOfPage":{"@id":"https:\/\/mathiascederholm.com\/familjefotograf-stockholm\/#primaryimage"},"image":{"@id":"https:\/\/mathiascederholm.com\/familjefotograf-stockholm\/#primaryimage"},"thumbnailUrl":"https:\/\/mathiascederholm.com\/wp-content\/uploads\/2013\/07\/1021-Karin-HB.jpg","datePublished":"2013-07-21T06:00:02+00:00","dateModified":"2014-10-21T13:35:49+00:00","description":"Familjefotograf Stockholm fotograferar er familj p\u00e5 ett naturligt s\u00e4tt i en milj\u00f6 ni trivs i.","breadcrumb":{"@id":"https:\/\/mathiascederholm.com\/familjefotograf-stockholm\/#breadcrumb"},"inLanguage":"en-US","potentialAction":[{"@type":"ReadAction","target":["https:\/\/mathiascederholm.com\/familjefotograf-stockholm\/"]}]},{"@type":"ImageObject","inLanguage":"en-US","@id":"https:\/\/mathiascederholm.com\/familjefotograf-stockholm\/#primaryimage","url":"https:\/\/mathiascederholm.com\/wp-content\/uploads\/2013\/07\/1021-Karin-HB.jpg","contentUrl":"https:\/\/mathiascederholm.com\/wp-content\/uploads\/2013\/07\/1021-Karin-HB.jpg","width":900,"height":600,"caption":"Familjefotograf Stockholm Karin HB"},{"@type":"BreadcrumbList","@id":"https:\/\/mathiascederholm.com\/familjefotograf-stockholm\/#breadcrumb","itemListElement":[{"@type":"ListItem","position":1,"name":"Home","item":"https:\/\/mathiascederholm.com\/en\/"},{"@type":"ListItem","position":2,"name":"Familjefotograf Stockholm"}]},{"@type":"WebSite","@id":"https:\/\/mathiascederholm.com\/#website","url":"https:\/\/mathiascederholm.com\/","name":"Br\u00f6llopsfotograf Stockholm \/\/ Wedding Photographer Stockholm Mathias Cederholm","description":"Br\u00f6llopsfotograf Stockholm - kreativa och moderna br\u00f6llopsfoton f\u00f6r par med stil. Foton som ber\u00e4ttar er historia och visar er k\u00e4rlek f\u00f6r varandra.","publisher":{"@id":"https:\/\/mathiascederholm.com\/#organization"},"potentialAction":[{"@type":"SearchAction","target":{"@type":"EntryPoint","urlTemplate":"https:\/\/mathiascederholm.com\/?s={search_term_string}"},"query-input":{"@type":"PropertyValueSpecification","valueRequired":true,"valueName":"search_term_string"}}],"inLanguage":"en-US"},{"@type":"Organization","@id":"https:\/\/mathiascederholm.com\/#organization","name":"Mathias Cederholm Br\u00f6llopsfotograf","url":"https:\/\/mathiascederholm.com\/","logo":{"@type":"ImageObject","inLanguage":"en-US","@id":"https:\/\/mathiascederholm.com\/#\/schema\/logo\/image\/","url":"","contentUrl":"","caption":"Mathias Cederholm Br\u00f6llopsfotograf"},"image":{"@id":"https:\/\/mathiascederholm.com\/#\/schema\/logo\/image\/"},"sameAs":["https:\/\/www.facebook.com\/Mathias-Cederholm-Photography-248750788503888\/?ref=hl","https:\/\/x.com\/m_cederholm"]},{"@type":"Person","@id":"https:\/\/mathiascederholm.com\/#\/schema\/person\/4216e6c74d6f76d7aec8ce75a43877f1","name":"Mathias Cederholm","image":{"@type":"ImageObject","inLanguage":"en-US","@id":"https:\/\/secure.gravatar.com\/avatar\/4abe32cc46677b2c77d373d42ad492b8eae605322ca32d904b462ac3483e350b?s=96&d=blank&r=g","url":"https:\/\/secure.gravatar.com\/avatar\/4abe32cc46677b2c77d373d42ad492b8eae605322ca32d904b462ac3483e350b?s=96&d=blank&r=g","contentUrl":"https:\/\/secure.gravatar.com\/avatar\/4abe32cc46677b2c77d373d42ad492b8eae605322ca32d904b462ac3483e350b?s=96&d=blank&r=g","caption":"Mathias Cederholm"},"sameAs":["http:\/\/mathiascederholm.com","https:\/\/www.facebook.com\/pages\/Mathias-Cederholm-Photography\/","https:\/\/x.com\/m_cederholm"]}]}},"jetpack_featured_media_url":"https:\/\/mathiascederholm.com\/wp-content\/uploads\/2013\/07\/1021-Karin-HB.jpg","jetpack_shortlink":"https:\/\/wp.me\/p5p9H9-H2","jetpack_sharing_enabled":true,"_links":{"self":[{"href":"https:\/\/mathiascederholm.com\/en\/wp-json\/wp\/v2\/posts\/2668","targetHints":{"allow":["GET"]}}],"collection":[{"href":"https:\/\/mathiascederholm.com\/en\/wp-json\/wp\/v2\/posts"}],"about":[{"href":"https:\/\/mathiascederholm.com\/en\/wp-json\/wp\/v2\/types\/post"}],"author":[{"embeddable":true,"href":"https:\/\/mathiascederholm.com\/en\/wp-json\/wp\/v2\/users\/1"}],"replies":[{"embeddable":true,"href":"https:\/\/mathiascederholm.com\/en\/wp-json\/wp\/v2\/comments?post=2668"}],"version-history":[{"count":11,"href":"https:\/\/mathiascederholm.com\/en\/wp-json\/wp\/v2\/posts\/2668\/revisions"}],"predecessor-version":[{"id":4390,"href":"https:\/\/mathiascederholm.com\/en\/wp-json\/wp\/v2\/posts\/2668\/revisions\/4390"}],"wp:featuredmedia":[{"embeddable":true,"href":"https:\/\/mathiascederholm.com\/en\/wp-json\/wp\/v2\/media\/2711"}],"wp:attachment":[{"href":"https:\/\/mathiascederholm.com\/en\/wp-json\/wp\/v2\/media?parent=2668"}],"wp:term":[{"taxonomy":"category","embeddable":true,"href":"https:\/\/mathiascederholm.com\/en\/wp-json\/wp\/v2\/categories?post=2668"},{"taxonomy":"post_tag","embeddable":true,"href":"https:\/\/mathiascederholm.com\/en\/wp-json\/wp\/v2\/tags?post=2668"}],"curies":[{"name":"wp","href":"https:\/\/api.w.org\/{rel}","templated":true}]}}