{"id":2926,"date":"2013-09-24T09:58:56","date_gmt":"2013-09-24T07:58:56","guid":{"rendered":"http:\/\/mathiascederholm.com\/web\/?p=2926"},"modified":"2013-09-24T10:02:52","modified_gmt":"2013-09-24T08:02:52","slug":"linnea-krylen-debuting-book-frejas-plats","status":"publish","type":"post","link":"https:\/\/mathiascederholm.com\/en\/linnea-krylen-debuting-book-frejas-plats\/","title":{"rendered":"Frejas plats &#8211; Linn\u00e9a Kryl\u00e9n debut"},"content":{"rendered":"<p>&nbsp;<\/p>\n<p style=\"text-align: justify;\">Today I&#8217;m proud to share with you that my friend <a href=\"http:\/\/www.linneakrylen.se\/\">Linn\u00e9a Kryl\u00e9n<\/a> has been interviewed by \u00d6stersunds Posten the local newspaper in the area where she grew up.<\/p>\n<p style=\"text-align: justify;\">If you speak Swedish, you may read the article <a href=\"http:\/\/op.se\/kulturnoje\/kulturartiklar\/1.6307092-ytterhogdal-gav-linnea-inspiration\" target=\"_blank\">here<\/a> and also see the photo that I took of her in April.<br \/>\nLinn\u00e9a is a talented illustrator doing work mostly for small children and debuted with her book &#8220;Frejas plats&#8221; (Freja&#8217;s place) at the publisher Opal just recently.<br \/>\nThe book is meant for children up to 3 years old and may be purchased <a href=\"http:\/\/www.adlibris.com\/se\/bok\/frejas-plats-9789172996328\" target=\"_blank\">online<\/a> or at your local bookshop.<\/p>\n<p style=\"text-align: justify;\">The photos of Linn\u00e9a was taken in the old parliament library in Gamla Stan in Stockholm.<\/p>\n<p>&nbsp;<\/p>\n<p>&nbsp;<\/p>\n<p style=\"text-align: center;\"><img decoding=\"async\" class=\"aligncenter size-full wp-image-2928\" alt=\"Linn\u00e9a Kryl\u00e9n Riksdagsbiblioteket Gamla Stan Frejas plats\" src=\"http:\/\/mathiascederholm.com\/\/wp-content\/uploads\/2013\/09\/Linne\u00e1-Kryl\u00e9n-1041.jpg\" width=\"900\" height=\"600\" srcset=\"https:\/\/mathiascederholm.com\/wp-content\/uploads\/2013\/09\/Linne\u00e1-Kryl\u00e9n-1041.jpg 900w, https:\/\/mathiascederholm.com\/wp-content\/uploads\/2013\/09\/Linne\u00e1-Kryl\u00e9n-1041-300x200.jpg 300w, https:\/\/mathiascederholm.com\/wp-content\/uploads\/2013\/09\/Linne\u00e1-Kryl\u00e9n-1041-600x400.jpg 600w, https:\/\/mathiascederholm.com\/wp-content\/uploads\/2013\/09\/Linne\u00e1-Kryl\u00e9n-1041-298x198.jpg 298w, https:\/\/mathiascederholm.com\/wp-content\/uploads\/2013\/09\/Linne\u00e1-Kryl\u00e9n-1041-596x396.jpg 596w\" sizes=\"(max-width: 900px) 100vw, 900px\" \/><\/p>\n<p><img decoding=\"async\" class=\"size-full wp-image-2929\" alt=\"Linn\u00e9a Kryl\u00e9n \u00d6stersundsposten Opal debutbok Frejas plats\" src=\"http:\/\/mathiascederholm.com\/\/wp-content\/uploads\/2013\/09\/Linn\u00e9a-Kryl\u00e9n-\u00d6stersundsposten-Opal-debutbok.png\" width=\"900\" height=\"1377\" srcset=\"https:\/\/mathiascederholm.com\/wp-content\/uploads\/2013\/09\/Linn\u00e9a-Kryl\u00e9n-\u00d6stersundsposten-Opal-debutbok.png 900w, https:\/\/mathiascederholm.com\/wp-content\/uploads\/2013\/09\/Linn\u00e9a-Kryl\u00e9n-\u00d6stersundsposten-Opal-debutbok-196x300.png 196w, https:\/\/mathiascederholm.com\/wp-content\/uploads\/2013\/09\/Linn\u00e9a-Kryl\u00e9n-\u00d6stersundsposten-Opal-debutbok-588x900.png 588w\" sizes=\"(max-width: 900px) 100vw, 900px\" \/><\/p>\n","protected":false},"excerpt":{"rendered":"<p>&nbsp; Today I&#8217;m proud to share with you that my friend Linn\u00e9a Kryl\u00e9n has been interviewed by \u00d6stersunds Posten the [&hellip;]<\/p>\n","protected":false},"author":1,"featured_media":2928,"comment_status":"open","ping_status":"open","sticky":false,"template":"","format":"standard","meta":{"_monsterinsights_skip_tracking":false,"_monsterinsights_sitenote_active":false,"_monsterinsights_sitenote_note":"","_monsterinsights_sitenote_category":0,"_jetpack_newsletter_access":"","_jetpack_dont_email_post_to_subs":false,"_jetpack_newsletter_tier_id":0,"_jetpack_memberships_contains_paywalled_content":false,"_jetpack_memberships_contains_paid_content":false,"footnotes":""},"categories":[113,117],"tags":[183,184,185,181,182],"class_list":["post-2926","post","type-post","status-publish","format-standard","has-post-thumbnail","hentry","category-sweden","category-portraits-2","tag-debutbok","tag-linnea-krylen","tag-frejas-plats","tag-opal","tag-ostersundsposten"],"yoast_head":"<!-- This site is optimized with the Yoast SEO plugin v27.4 - https:\/\/yoast.com\/product\/yoast-seo-wordpress\/ -->\n<title>Frejas plats - Linn\u00e9a Kryl\u00e9n debut<\/title>\n<meta name=\"robots\" content=\"index, follow, max-snippet:-1, max-image-preview:large, max-video-preview:-1\" \/>\n<link rel=\"canonical\" href=\"https:\/\/mathiascederholm.com\/linnea-krylen-debuting-book-frejas-plats\/\" \/>\n<meta property=\"og:locale\" content=\"en_US\" \/>\n<meta property=\"og:type\" content=\"article\" \/>\n<meta property=\"og:title\" content=\"Frejas plats - Linn\u00e9a Kryl\u00e9n debut\" \/>\n<meta property=\"og:description\" content=\"&nbsp; Today I&#8217;m proud to share with you that my friend Linn\u00e9a Kryl\u00e9n has been interviewed by \u00d6stersunds Posten the [&hellip;]\" \/>\n<meta property=\"og:url\" content=\"https:\/\/mathiascederholm.com\/linnea-krylen-debuting-book-frejas-plats\/\" \/>\n<meta property=\"og:site_name\" content=\"Br\u00f6llopsfotograf Stockholm \/\/ Wedding Photographer Stockholm Mathias Cederholm\" \/>\n<meta property=\"article:publisher\" content=\"https:\/\/www.facebook.com\/Mathias-Cederholm-Photography-248750788503888\/?ref=hl\" \/>\n<meta property=\"article:author\" content=\"https:\/\/www.facebook.com\/pages\/Mathias-Cederholm-Photography\/\" \/>\n<meta property=\"article:published_time\" content=\"2013-09-24T07:58:56+00:00\" \/>\n<meta property=\"article:modified_time\" content=\"2013-09-24T08:02:52+00:00\" \/>\n<meta property=\"og:image\" content=\"https:\/\/mathiascederholm.com\/wp-content\/uploads\/2013\/09\/Linne\u00e1-Kryl\u00e9n-1041.jpg\" \/>\n\t<meta property=\"og:image:width\" content=\"900\" \/>\n\t<meta property=\"og:image:height\" content=\"600\" \/>\n\t<meta property=\"og:image:type\" content=\"image\/jpeg\" \/>\n<meta name=\"author\" content=\"Mathias Cederholm\" \/>\n<meta name=\"twitter:card\" content=\"summary_large_image\" \/>\n<meta name=\"twitter:creator\" content=\"@m_cederholm\" \/>\n<meta name=\"twitter:site\" content=\"@m_cederholm\" \/>\n<meta name=\"twitter:label1\" content=\"Written by\" \/>\n\t<meta name=\"twitter:data1\" content=\"Mathias Cederholm\" \/>\n\t<meta name=\"twitter:label2\" content=\"Est. reading time\" \/>\n\t<meta name=\"twitter:data2\" content=\"1 minute\" \/>\n<script type=\"application\/ld+json\" class=\"yoast-schema-graph\">{\"@context\":\"https:\\\/\\\/schema.org\",\"@graph\":[{\"@type\":\"Article\",\"@id\":\"https:\\\/\\\/mathiascederholm.com\\\/linnea-krylen-debuting-book-frejas-plats\\\/#article\",\"isPartOf\":{\"@id\":\"https:\\\/\\\/mathiascederholm.com\\\/linnea-krylen-debuting-book-frejas-plats\\\/\"},\"author\":{\"name\":\"Mathias Cederholm\",\"@id\":\"https:\\\/\\\/mathiascederholm.com\\\/#\\\/schema\\\/person\\\/4216e6c74d6f76d7aec8ce75a43877f1\"},\"headline\":\"Frejas plats &#8211; Linn\u00e9a Kryl\u00e9n debut\",\"datePublished\":\"2013-09-24T07:58:56+00:00\",\"dateModified\":\"2013-09-24T08:02:52+00:00\",\"mainEntityOfPage\":{\"@id\":\"https:\\\/\\\/mathiascederholm.com\\\/linnea-krylen-debuting-book-frejas-plats\\\/\"},\"wordCount\":127,\"commentCount\":0,\"publisher\":{\"@id\":\"https:\\\/\\\/mathiascederholm.com\\\/#organization\"},\"image\":{\"@id\":\"https:\\\/\\\/mathiascederholm.com\\\/linnea-krylen-debuting-book-frejas-plats\\\/#primaryimage\"},\"thumbnailUrl\":\"https:\\\/\\\/mathiascederholm.com\\\/wp-content\\\/uploads\\\/2013\\\/09\\\/Linne\u00e1-Kryl\u00e9n-1041.jpg\",\"keywords\":[\"Debutbok\",\"Linn\u00e9a Kryl\u00e9n\",\"Frejas plats\",\"Opal\",\"\u00d6stersundsposten\"],\"articleSection\":[\"SVERIGE\",\"Portr\u00e4tt\"],\"inLanguage\":\"en-US\",\"potentialAction\":[{\"@type\":\"CommentAction\",\"name\":\"Comment\",\"target\":[\"https:\\\/\\\/mathiascederholm.com\\\/linnea-krylen-debuting-book-frejas-plats\\\/#respond\"]}]},{\"@type\":\"WebPage\",\"@id\":\"https:\\\/\\\/mathiascederholm.com\\\/linnea-krylen-debuting-book-frejas-plats\\\/\",\"url\":\"https:\\\/\\\/mathiascederholm.com\\\/linnea-krylen-debuting-book-frejas-plats\\\/\",\"name\":\"Frejas plats - Linn\u00e9a Kryl\u00e9n debut\",\"isPartOf\":{\"@id\":\"https:\\\/\\\/mathiascederholm.com\\\/#website\"},\"primaryImageOfPage\":{\"@id\":\"https:\\\/\\\/mathiascederholm.com\\\/linnea-krylen-debuting-book-frejas-plats\\\/#primaryimage\"},\"image\":{\"@id\":\"https:\\\/\\\/mathiascederholm.com\\\/linnea-krylen-debuting-book-frejas-plats\\\/#primaryimage\"},\"thumbnailUrl\":\"https:\\\/\\\/mathiascederholm.com\\\/wp-content\\\/uploads\\\/2013\\\/09\\\/Linne\u00e1-Kryl\u00e9n-1041.jpg\",\"datePublished\":\"2013-09-24T07:58:56+00:00\",\"dateModified\":\"2013-09-24T08:02:52+00:00\",\"breadcrumb\":{\"@id\":\"https:\\\/\\\/mathiascederholm.com\\\/linnea-krylen-debuting-book-frejas-plats\\\/#breadcrumb\"},\"inLanguage\":\"en-US\",\"potentialAction\":[{\"@type\":\"ReadAction\",\"target\":[\"https:\\\/\\\/mathiascederholm.com\\\/linnea-krylen-debuting-book-frejas-plats\\\/\"]}]},{\"@type\":\"ImageObject\",\"inLanguage\":\"en-US\",\"@id\":\"https:\\\/\\\/mathiascederholm.com\\\/linnea-krylen-debuting-book-frejas-plats\\\/#primaryimage\",\"url\":\"https:\\\/\\\/mathiascederholm.com\\\/wp-content\\\/uploads\\\/2013\\\/09\\\/Linne\u00e1-Kryl\u00e9n-1041.jpg\",\"contentUrl\":\"https:\\\/\\\/mathiascederholm.com\\\/wp-content\\\/uploads\\\/2013\\\/09\\\/Linne\u00e1-Kryl\u00e9n-1041.jpg\",\"width\":900,\"height\":600,\"caption\":\"Linn\u00e9a Kryl\u00e9n Riksdagsbiblioteket Gamla Stan\"},{\"@type\":\"BreadcrumbList\",\"@id\":\"https:\\\/\\\/mathiascederholm.com\\\/linnea-krylen-debuting-book-frejas-plats\\\/#breadcrumb\",\"itemListElement\":[{\"@type\":\"ListItem\",\"position\":1,\"name\":\"Home\",\"item\":\"https:\\\/\\\/mathiascederholm.com\\\/en\\\/\"},{\"@type\":\"ListItem\",\"position\":2,\"name\":\"Frejas plats &#8211; Linn\u00e9a Kryl\u00e9n debut\"}]},{\"@type\":\"WebSite\",\"@id\":\"https:\\\/\\\/mathiascederholm.com\\\/#website\",\"url\":\"https:\\\/\\\/mathiascederholm.com\\\/\",\"name\":\"Br\u00f6llopsfotograf Stockholm \\\/\\\/ Wedding Photographer Stockholm Mathias Cederholm\",\"description\":\"Br\u00f6llopsfotograf Stockholm - kreativa och moderna br\u00f6llopsfoton f\u00f6r par med stil. Foton som ber\u00e4ttar er historia och visar er k\u00e4rlek f\u00f6r varandra.\",\"publisher\":{\"@id\":\"https:\\\/\\\/mathiascederholm.com\\\/#organization\"},\"potentialAction\":[{\"@type\":\"SearchAction\",\"target\":{\"@type\":\"EntryPoint\",\"urlTemplate\":\"https:\\\/\\\/mathiascederholm.com\\\/?s={search_term_string}\"},\"query-input\":{\"@type\":\"PropertyValueSpecification\",\"valueRequired\":true,\"valueName\":\"search_term_string\"}}],\"inLanguage\":\"en-US\"},{\"@type\":\"Organization\",\"@id\":\"https:\\\/\\\/mathiascederholm.com\\\/#organization\",\"name\":\"Mathias Cederholm Br\u00f6llopsfotograf\",\"url\":\"https:\\\/\\\/mathiascederholm.com\\\/\",\"logo\":{\"@type\":\"ImageObject\",\"inLanguage\":\"en-US\",\"@id\":\"https:\\\/\\\/mathiascederholm.com\\\/#\\\/schema\\\/logo\\\/image\\\/\",\"url\":\"\",\"contentUrl\":\"\",\"caption\":\"Mathias Cederholm Br\u00f6llopsfotograf\"},\"image\":{\"@id\":\"https:\\\/\\\/mathiascederholm.com\\\/#\\\/schema\\\/logo\\\/image\\\/\"},\"sameAs\":[\"https:\\\/\\\/www.facebook.com\\\/Mathias-Cederholm-Photography-248750788503888\\\/?ref=hl\",\"https:\\\/\\\/x.com\\\/m_cederholm\"]},{\"@type\":\"Person\",\"@id\":\"https:\\\/\\\/mathiascederholm.com\\\/#\\\/schema\\\/person\\\/4216e6c74d6f76d7aec8ce75a43877f1\",\"name\":\"Mathias Cederholm\",\"image\":{\"@type\":\"ImageObject\",\"inLanguage\":\"en-US\",\"@id\":\"https:\\\/\\\/secure.gravatar.com\\\/avatar\\\/4abe32cc46677b2c77d373d42ad492b8eae605322ca32d904b462ac3483e350b?s=96&d=blank&r=g\",\"url\":\"https:\\\/\\\/secure.gravatar.com\\\/avatar\\\/4abe32cc46677b2c77d373d42ad492b8eae605322ca32d904b462ac3483e350b?s=96&d=blank&r=g\",\"contentUrl\":\"https:\\\/\\\/secure.gravatar.com\\\/avatar\\\/4abe32cc46677b2c77d373d42ad492b8eae605322ca32d904b462ac3483e350b?s=96&d=blank&r=g\",\"caption\":\"Mathias Cederholm\"},\"sameAs\":[\"http:\\\/\\\/mathiascederholm.com\",\"https:\\\/\\\/www.facebook.com\\\/pages\\\/Mathias-Cederholm-Photography\\\/\",\"https:\\\/\\\/x.com\\\/m_cederholm\"]}]}<\/script>\n<!-- \/ Yoast SEO plugin. -->","yoast_head_json":{"title":"Frejas plats - Linn\u00e9a Kryl\u00e9n debut","robots":{"index":"index","follow":"follow","max-snippet":"max-snippet:-1","max-image-preview":"max-image-preview:large","max-video-preview":"max-video-preview:-1"},"canonical":"https:\/\/mathiascederholm.com\/linnea-krylen-debuting-book-frejas-plats\/","og_locale":"en_US","og_type":"article","og_title":"Frejas plats - Linn\u00e9a Kryl\u00e9n debut","og_description":"&nbsp; Today I&#8217;m proud to share with you that my friend Linn\u00e9a Kryl\u00e9n has been interviewed by \u00d6stersunds Posten the [&hellip;]","og_url":"https:\/\/mathiascederholm.com\/linnea-krylen-debuting-book-frejas-plats\/","og_site_name":"Br\u00f6llopsfotograf Stockholm \/\/ Wedding Photographer Stockholm Mathias Cederholm","article_publisher":"https:\/\/www.facebook.com\/Mathias-Cederholm-Photography-248750788503888\/?ref=hl","article_author":"https:\/\/www.facebook.com\/pages\/Mathias-Cederholm-Photography\/","article_published_time":"2013-09-24T07:58:56+00:00","article_modified_time":"2013-09-24T08:02:52+00:00","og_image":[{"width":900,"height":600,"url":"https:\/\/mathiascederholm.com\/wp-content\/uploads\/2013\/09\/Linne\u00e1-Kryl\u00e9n-1041.jpg","type":"image\/jpeg"}],"author":"Mathias Cederholm","twitter_card":"summary_large_image","twitter_creator":"@m_cederholm","twitter_site":"@m_cederholm","twitter_misc":{"Written by":"Mathias Cederholm","Est. reading time":"1 minute"},"schema":{"@context":"https:\/\/schema.org","@graph":[{"@type":"Article","@id":"https:\/\/mathiascederholm.com\/linnea-krylen-debuting-book-frejas-plats\/#article","isPartOf":{"@id":"https:\/\/mathiascederholm.com\/linnea-krylen-debuting-book-frejas-plats\/"},"author":{"name":"Mathias Cederholm","@id":"https:\/\/mathiascederholm.com\/#\/schema\/person\/4216e6c74d6f76d7aec8ce75a43877f1"},"headline":"Frejas plats &#8211; Linn\u00e9a Kryl\u00e9n debut","datePublished":"2013-09-24T07:58:56+00:00","dateModified":"2013-09-24T08:02:52+00:00","mainEntityOfPage":{"@id":"https:\/\/mathiascederholm.com\/linnea-krylen-debuting-book-frejas-plats\/"},"wordCount":127,"commentCount":0,"publisher":{"@id":"https:\/\/mathiascederholm.com\/#organization"},"image":{"@id":"https:\/\/mathiascederholm.com\/linnea-krylen-debuting-book-frejas-plats\/#primaryimage"},"thumbnailUrl":"https:\/\/mathiascederholm.com\/wp-content\/uploads\/2013\/09\/Linne\u00e1-Kryl\u00e9n-1041.jpg","keywords":["Debutbok","Linn\u00e9a Kryl\u00e9n","Frejas plats","Opal","\u00d6stersundsposten"],"articleSection":["SVERIGE","Portr\u00e4tt"],"inLanguage":"en-US","potentialAction":[{"@type":"CommentAction","name":"Comment","target":["https:\/\/mathiascederholm.com\/linnea-krylen-debuting-book-frejas-plats\/#respond"]}]},{"@type":"WebPage","@id":"https:\/\/mathiascederholm.com\/linnea-krylen-debuting-book-frejas-plats\/","url":"https:\/\/mathiascederholm.com\/linnea-krylen-debuting-book-frejas-plats\/","name":"Frejas plats - Linn\u00e9a Kryl\u00e9n debut","isPartOf":{"@id":"https:\/\/mathiascederholm.com\/#website"},"primaryImageOfPage":{"@id":"https:\/\/mathiascederholm.com\/linnea-krylen-debuting-book-frejas-plats\/#primaryimage"},"image":{"@id":"https:\/\/mathiascederholm.com\/linnea-krylen-debuting-book-frejas-plats\/#primaryimage"},"thumbnailUrl":"https:\/\/mathiascederholm.com\/wp-content\/uploads\/2013\/09\/Linne\u00e1-Kryl\u00e9n-1041.jpg","datePublished":"2013-09-24T07:58:56+00:00","dateModified":"2013-09-24T08:02:52+00:00","breadcrumb":{"@id":"https:\/\/mathiascederholm.com\/linnea-krylen-debuting-book-frejas-plats\/#breadcrumb"},"inLanguage":"en-US","potentialAction":[{"@type":"ReadAction","target":["https:\/\/mathiascederholm.com\/linnea-krylen-debuting-book-frejas-plats\/"]}]},{"@type":"ImageObject","inLanguage":"en-US","@id":"https:\/\/mathiascederholm.com\/linnea-krylen-debuting-book-frejas-plats\/#primaryimage","url":"https:\/\/mathiascederholm.com\/wp-content\/uploads\/2013\/09\/Linne\u00e1-Kryl\u00e9n-1041.jpg","contentUrl":"https:\/\/mathiascederholm.com\/wp-content\/uploads\/2013\/09\/Linne\u00e1-Kryl\u00e9n-1041.jpg","width":900,"height":600,"caption":"Linn\u00e9a Kryl\u00e9n Riksdagsbiblioteket Gamla Stan"},{"@type":"BreadcrumbList","@id":"https:\/\/mathiascederholm.com\/linnea-krylen-debuting-book-frejas-plats\/#breadcrumb","itemListElement":[{"@type":"ListItem","position":1,"name":"Home","item":"https:\/\/mathiascederholm.com\/en\/"},{"@type":"ListItem","position":2,"name":"Frejas plats &#8211; Linn\u00e9a Kryl\u00e9n debut"}]},{"@type":"WebSite","@id":"https:\/\/mathiascederholm.com\/#website","url":"https:\/\/mathiascederholm.com\/","name":"Br\u00f6llopsfotograf Stockholm \/\/ Wedding Photographer Stockholm Mathias Cederholm","description":"Br\u00f6llopsfotograf Stockholm - kreativa och moderna br\u00f6llopsfoton f\u00f6r par med stil. Foton som ber\u00e4ttar er historia och visar er k\u00e4rlek f\u00f6r varandra.","publisher":{"@id":"https:\/\/mathiascederholm.com\/#organization"},"potentialAction":[{"@type":"SearchAction","target":{"@type":"EntryPoint","urlTemplate":"https:\/\/mathiascederholm.com\/?s={search_term_string}"},"query-input":{"@type":"PropertyValueSpecification","valueRequired":true,"valueName":"search_term_string"}}],"inLanguage":"en-US"},{"@type":"Organization","@id":"https:\/\/mathiascederholm.com\/#organization","name":"Mathias Cederholm Br\u00f6llopsfotograf","url":"https:\/\/mathiascederholm.com\/","logo":{"@type":"ImageObject","inLanguage":"en-US","@id":"https:\/\/mathiascederholm.com\/#\/schema\/logo\/image\/","url":"","contentUrl":"","caption":"Mathias Cederholm Br\u00f6llopsfotograf"},"image":{"@id":"https:\/\/mathiascederholm.com\/#\/schema\/logo\/image\/"},"sameAs":["https:\/\/www.facebook.com\/Mathias-Cederholm-Photography-248750788503888\/?ref=hl","https:\/\/x.com\/m_cederholm"]},{"@type":"Person","@id":"https:\/\/mathiascederholm.com\/#\/schema\/person\/4216e6c74d6f76d7aec8ce75a43877f1","name":"Mathias Cederholm","image":{"@type":"ImageObject","inLanguage":"en-US","@id":"https:\/\/secure.gravatar.com\/avatar\/4abe32cc46677b2c77d373d42ad492b8eae605322ca32d904b462ac3483e350b?s=96&d=blank&r=g","url":"https:\/\/secure.gravatar.com\/avatar\/4abe32cc46677b2c77d373d42ad492b8eae605322ca32d904b462ac3483e350b?s=96&d=blank&r=g","contentUrl":"https:\/\/secure.gravatar.com\/avatar\/4abe32cc46677b2c77d373d42ad492b8eae605322ca32d904b462ac3483e350b?s=96&d=blank&r=g","caption":"Mathias Cederholm"},"sameAs":["http:\/\/mathiascederholm.com","https:\/\/www.facebook.com\/pages\/Mathias-Cederholm-Photography\/","https:\/\/x.com\/m_cederholm"]}]}},"jetpack_featured_media_url":"https:\/\/mathiascederholm.com\/wp-content\/uploads\/2013\/09\/Linne\u00e1-Kryl\u00e9n-1041.jpg","jetpack_shortlink":"https:\/\/wp.me\/p5p9H9-Lc","jetpack_sharing_enabled":true,"_links":{"self":[{"href":"https:\/\/mathiascederholm.com\/en\/wp-json\/wp\/v2\/posts\/2926","targetHints":{"allow":["GET"]}}],"collection":[{"href":"https:\/\/mathiascederholm.com\/en\/wp-json\/wp\/v2\/posts"}],"about":[{"href":"https:\/\/mathiascederholm.com\/en\/wp-json\/wp\/v2\/types\/post"}],"author":[{"embeddable":true,"href":"https:\/\/mathiascederholm.com\/en\/wp-json\/wp\/v2\/users\/1"}],"replies":[{"embeddable":true,"href":"https:\/\/mathiascederholm.com\/en\/wp-json\/wp\/v2\/comments?post=2926"}],"version-history":[{"count":7,"href":"https:\/\/mathiascederholm.com\/en\/wp-json\/wp\/v2\/posts\/2926\/revisions"}],"predecessor-version":[{"id":2936,"href":"https:\/\/mathiascederholm.com\/en\/wp-json\/wp\/v2\/posts\/2926\/revisions\/2936"}],"wp:featuredmedia":[{"embeddable":true,"href":"https:\/\/mathiascederholm.com\/en\/wp-json\/wp\/v2\/media\/2928"}],"wp:attachment":[{"href":"https:\/\/mathiascederholm.com\/en\/wp-json\/wp\/v2\/media?parent=2926"}],"wp:term":[{"taxonomy":"category","embeddable":true,"href":"https:\/\/mathiascederholm.com\/en\/wp-json\/wp\/v2\/categories?post=2926"},{"taxonomy":"post_tag","embeddable":true,"href":"https:\/\/mathiascederholm.com\/en\/wp-json\/wp\/v2\/tags?post=2926"}],"curies":[{"name":"wp","href":"https:\/\/api.w.org\/{rel}","templated":true}]}}